{"id":676,"date":"2015-03-24T21:21:32","date_gmt":"2015-03-24T20:21:32","guid":{"rendered":"http:\/\/www.ass-security.fr\/blog\/?p=676"},"modified":"2024-08-22T21:32:48","modified_gmt":"2024-08-22T19:32:48","slug":"interview-claude-philippe-neri-groupe-esi-solutions-logicielles-pour-telesurveillance","status":"publish","type":"post","link":"https:\/\/www.ass-security.fr\/blog\/interview-claude-philippe-neri-groupe-esi-solutions-logicielles-pour-telesurveillance\/","title":{"rendered":"Interview : Claude-Philippe Neri, pr\u00e9sident directeur du Groupe ESI, solutions logicielles pour la t\u00e9l\u00e9surveillance"},"content":{"rendered":"\n<p>Nous avons eu la chance de rencontrer Claude-Philippe Neri, Pr\u00e9sident, directeur g\u00e9n\u00e9ral du groupe ESI \u00ab\u00a0European System Integration\u00a0\u00bb, entreprise fond\u00e9e en 1999, distribuant des solutions logicielles pour les stations de t\u00e9l\u00e9surveillance, t\u00e9l\u00e9assistance et analyse vid\u00e9osurveillance. \u00c9tant un groupe en plein essor, avec 50% de son chiffre d&rsquo;affaire \u00e0 l&rsquo;export, ESI r\u00e9alise de nombreuses acquisitions depuis 2003. ESI, a comme partenaire les grands noms de la vid\u00e9osurveillance comme Axis, <a href=\"https:\/\/www.ass-security.fr\/alarme-videofied-rsi\/\"><strong>Videofied<\/strong><\/a>, Bosch, Lilin, <a href=\"https:\/\/www.ass-security.fr\/blog\/tag\/dahua\/\"><strong>Dahua<\/strong><\/a>, Genetec, et bien d&rsquo;autre encore&#8230; Claude-Philippe s&rsquo;est gentiment pr\u00eat\u00e9 \u00e0 notre interview, et nous apporte une vision int\u00e9ressante de la vid\u00e9osurveillance actuelle &amp; future qui ne se cantonne pas \u00e0 rester statique&#8230;<\/p>\n\n\n<div style=\"--icon-code: &quot;\\e958&quot;; --icon-color: #00D084; --dark-icon-color: #FFFFFF; \" class=\"list-style-element is-icon wp-block-foxiz-elements-list-style\">\n\n<ul class=\"wp-block-list\">\n<li><em><strong>Bonjour Claude-Philippe NERI, vous \u00eates l&rsquo;un des fondateurs de ESI, pourriez-vous vous pr\u00e9senter \u00e0 nos lecteurs en quelques mots ainsi que votre groupe ?<\/strong><\/em><\/li>\n<\/ul>\n\n<\/div>\n\n\n<p>Avec Philippe CAMILLERI mon associ\u00e9, nous avons cr\u00e9\u00e9 ESI en 1999. Nous \u00e9tions tout deux issus dans nos exp\u00e9riences professionnelles pr\u00e9c\u00e9dentes, des milieux de l\u2019informatique de <strong>s\u00e9curit\u00e9<\/strong> et de gestion pour ma part, des frontaux de r\u00e9ception X26 et ISDN des T\u00e9l\u00e9coms, pour Philippe CAMILLERI. Les lettres composants le sigle d\u2019ESI, d\u00e9notent bien des ambitions initiales qui \u00e9taient les n\u00f4tres \u00e0 l\u2019\u00e9poque : \u00ab\u00a0European\u00a0\u00bb pour l\u2019ambition internationale, \u00ab\u00a0Systems\u00a0\u00bb pour les objectifs d\u2019innovation et de proposition de vraies solutions technologiques, et\u00a0\u00bb Integration\u00a0\u00bb prend un double sens de capacit\u00e9 pour nos \u00e9quipes d\u2019int\u00e9grer les syst\u00e8mes et solutions chez les utilisateurs.<\/p>\n\n\n\n<figure class=\"wp-block-image\"><a href=\"https:\/\/www.ass-security.fr\/blog\/wp-content\/uploads\/2015\/03\/esi-groupe-societe.png\"><img decoding=\"async\" width=\"646\" height=\"220\" data-src=\"https:\/\/www.ass-security.fr\/blog\/wp-content\/uploads\/2015\/03\/esi-groupe-societe.png\" alt=\"esi-groupe-societe\" class=\"wp-image-736 lazyload\" data-srcset=\"https:\/\/www.ass-security.fr\/blog\/wp-content\/uploads\/2015\/03\/esi-groupe-societe.png 646w, https:\/\/www.ass-security.fr\/blog\/wp-content\/uploads\/2015\/03\/esi-groupe-societe-500x170.png 500w, https:\/\/www.ass-security.fr\/blog\/wp-content\/uploads\/2015\/03\/esi-groupe-societe-768x261.png 768w\" data-sizes=\"auto, (max-width: 646px) 100vw, 646px\" src=\"data:image\/svg+xml;base64,PHN2ZyB3aWR0aD0iMSIgaGVpZ2h0PSIxIiB4bWxucz0iaHR0cDovL3d3dy53My5vcmcvMjAwMC9zdmciPjwvc3ZnPg==\" style=\"--smush-placeholder-width: 646px; --smush-placeholder-aspect-ratio: 646\/220;\" \/><\/a><\/figure>\n\n\n\n<p>Avec environ 9 M\u20ac de chiffre d\u2019affaires r\u00e9alis\u00e9 en 2014, ESI entreprend une nouvelle phase ambitieuse dans son d\u00e9veloppement, principalement par une diversification de ses offres de services, et de produits (ASPLink, G\u00e9olocalisation, <a href=\"https:\/\/www.ass-security.fr\/videosurveillance-camera\/\"><strong>vid\u00e9osurveillance<\/strong><\/a> sur Cloud,\u2026) mais aussi, par une pr\u00e9sence renforc\u00e9e sur l\u2019international qui repr\u00e9sente 50% de ses ventes. C\u2019est dans ce contexte que nous avons cr\u00e9\u00e9 une <em>Business Unit Commerciale horizontale,<\/em> r\u00e9unissant les services commerciaux, marketings et technico commerciaux du groupe, dont la direction et l\u2019animation, ont \u00e9t\u00e9 confi\u00e9es \u00e0 J\u00e9r\u00f4me Anastase (avec le titre de Vice Pr\u00e9sident International).<\/p>\n\n\n<div style=\"--icon-code: &quot;\\e958&quot;; --icon-color: #00D084; --dark-icon-color: #FFFFFF; \" class=\"list-style-element is-icon wp-block-foxiz-elements-list-style\">\n\n<ul class=\"wp-block-list\">\n<li><em><strong>De quelle mani\u00e8re r\u00e9pondez-vous actuellement aux diverses probl\u00e9matiques en mati\u00e8re de s\u00e9curisation \u00e9lectronique ?<\/strong><\/em><\/li>\n<\/ul>\n\n<\/div>\n\n\n<p>Ancr\u00e9e profond\u00e9ment dans les habitudes et limit\u00e9e par la r\u00e9glementation fran\u00e7aise, la <a href=\"https:\/\/www.ass-security.fr\/telesurveillance\/\"><strong>t\u00e9l\u00e9surveillance<\/strong><\/a> a pu ces derni\u00e8res ann\u00e9es faire une avanc\u00e9e notable dans les technologies de l\u2019IT, la s\u00e9curisation \u00e9lectronique et les r\u00e9seaux informatiques. Il nous a fallut nous adapter pour nous permettre d\u2019aider nos utilisateurs \u00e0 \u00e9voluer rapidement. Nous avons donc renforc\u00e9 nos \u00e9quipes, fait suivre des formations avanc\u00e9es \u00e0 nos responsables. De plus, nous avons fait appel \u00e0 des conseils externes qui nous ont aid\u00e9 \u00e0 b\u00e2tir une offre s\u00e9curis\u00e9e. Ces derni\u00e8res prennent en compte l\u2019ouverture des syst\u00e8mes aux r\u00e9seaux publics Internet, aux VPN et <strong>Intranets multiples<\/strong>, sans que pour cela nos syst\u00e8mes puissent servir de passerelles entre les diff\u00e9rents parcs de clients raccord\u00e9s. Nos chefs de projet et installateurs discutent avec les responsables des services S\u00e9curit\u00e9 IT de nos clients, de fa\u00e7on \u00e0 int\u00e9grer nos solutions tout en conservant la protection des syst\u00e8mes d\u2019information aux attaques externes.<\/p>\n\n\n\n<figure class=\"wp-block-image\"><a href=\"https:\/\/www.ass-security.fr\/blog\/wp-content\/uploads\/2015\/03\/esi-group-phillipe-neri-jerome-anastase-phillipe-camillerie.png\"><img decoding=\"async\" width=\"899\" height=\"383\" data-src=\"https:\/\/www.ass-security.fr\/blog\/wp-content\/uploads\/2015\/03\/esi-group-phillipe-neri-jerome-anastase-phillipe-camillerie.png\" alt=\"esi-group-phillipe-neri-jerome-anastase-phillipe-camillerie\" class=\"wp-image-735 lazyload\" data-srcset=\"https:\/\/www.ass-security.fr\/blog\/wp-content\/uploads\/2015\/03\/esi-group-phillipe-neri-jerome-anastase-phillipe-camillerie.png 899w, https:\/\/www.ass-security.fr\/blog\/wp-content\/uploads\/2015\/03\/esi-group-phillipe-neri-jerome-anastase-phillipe-camillerie-500x213.png 500w, https:\/\/www.ass-security.fr\/blog\/wp-content\/uploads\/2015\/03\/esi-group-phillipe-neri-jerome-anastase-phillipe-camillerie-768x327.png 768w, https:\/\/www.ass-security.fr\/blog\/wp-content\/uploads\/2015\/03\/esi-group-phillipe-neri-jerome-anastase-phillipe-camillerie-860x366.png 860w\" data-sizes=\"auto, (max-width: 899px) 100vw, 899px\" src=\"data:image\/svg+xml;base64,PHN2ZyB3aWR0aD0iMSIgaGVpZ2h0PSIxIiB4bWxucz0iaHR0cDovL3d3dy53My5vcmcvMjAwMC9zdmciPjwvc3ZnPg==\" style=\"--smush-placeholder-width: 899px; --smush-placeholder-aspect-ratio: 899\/383;\" \/><\/a><\/figure>\n\n\n\n<p>Le groupe ESI dispose d\u2019une \u00e9quipe de plus de 40 techniciens. La plupart sont des ing\u00e9nieurs \u00e9cole Bac +5 ayant re\u00e7u une formation IT soit sur le d\u00e9veloppement de logiciels, soit sur les Infrastructures informatiques. Par ailleurs, nous d\u00e9veloppons de plus en plus la mise en place de nos solutions b\u00e2ties dans un objectif de solutions virtualis\u00e9es. Les clients disposent d\u2019infrastructures plus l\u00e9g\u00e8res en mat\u00e9riels, moins encombrantes et plus facilement manageable localement ou \u00e0 distance.<\/p>\n\n\n<div style=\"--icon-code: &quot;\\e958&quot;; --icon-color: #00D084; --dark-icon-color: #FFFFFF; \" class=\"list-style-element is-icon wp-block-foxiz-elements-list-style\">\n\n<ul class=\"wp-block-list\">\n<li><em><strong>Votre solution V1 vid\u00e9o de lev\u00e9e de doute a attir\u00e9 notre attention pouvez-vous nous pr\u00e9senter ce syst\u00e8me ?<\/strong><\/em><\/li>\n<\/ul>\n\n<\/div>\n\n\n<p>Alors que certains de nos confr\u00e8res prennent seulement maintenant la mesure de l\u2019importance du traitement de la vid\u00e9o dans la s\u00e9curit\u00e9 des sites en <strong>T\u00e9l\u00e9surveillance<\/strong>, le concept <strong>V1<\/strong> est n\u00e9 en 2000 chez ESI.<br>Philippe et moi, avions parfaitement compris qu\u2019\u00e0 l\u2019instar de l\u2019audio interphonique ou \u00e9coute t\u00e9l\u00e9phonie, une bonne int\u00e9gration de la vid\u00e9o au niveau du poste de travail de l\u2019op\u00e9rateur de t\u00e9l\u00e9surveillance serait un atout pour les t\u00e9l\u00e9surveilleurs.<br>V1 s\u2019est donc vite impos\u00e9 naturellement comme un outil incontournable pour les op\u00e9rations de <a href=\"https:\/\/www.ass-security.fr\/videosurveillance-camera\/\"><strong>lev\u00e9e de doute vid\u00e9o<\/strong><\/a>, en uniformisant les 120 protocoles pr\u00e9sents \u00e0 son catalogue. V1 dispose d\u2019une interface unique et conviviale qui associe l\u2019\u00e9v\u00e9nement d\u2019<a href=\"https:\/\/www.ass-security.fr\/alarme-protection-entreprise\/\"><strong>alarme<\/strong><\/a> avec des films provenant de dispositifs vid\u00e9o sur les sites, ou, en regardant en direct ce qui se passe sur les lieux ou sont implant\u00e9es les cam\u00e9ras. Actuellement sur le march\u00e9 de la t\u00e9l\u00e9surveillance <strong>bancaire<\/strong>, une grande majorit\u00e9 des sites \u00e9quip\u00e9s de syst\u00e8mes vid\u00e9o sont connect\u00e9s aux V1 des acteurs de la t\u00e9l\u00e9surveillance.<br>Avec l\u2019entr\u00e9e d\u2019ESI sur le march\u00e9 Anglosaxon, V1 a fortement \u00e9volu\u00e9 pour r\u00e9pondre \u00e0 une nouvelle demande que nous appelons maintenant \u00ab\u00a0<strong>Cyberguarding\u00a0\u00bb<\/strong>. Il ne s\u2019agit plus la simplement de faire le contr\u00f4le de la pr\u00e9sence sur le site, mais bien de renforcer la s\u00e9curit\u00e9 assur\u00e9e par la pr\u00e9sence physique de gardiens, avec des moyens vid\u00e9o pour effectuer les t\u00e2ches habituelles des agents sur sites (lev\u00e9e de doute, ouverture de portes hors plage horaires, surveillance des abords du site, rondes virtuelles \u2026)<br>Les moyens \u00e9lectroniques permettent non seulement de f\u00e9d\u00e9rer des op\u00e9rateurs dot\u00e9s de moyens \u00e9lectroniques distants, mais aussi de les aider par des moyens <strong>d\u2019analyse d\u2019image<\/strong> pour d\u00e9tecter les anomalies et les faux \u00e9v\u00e8nements.<\/p>\n\n\n<div style=\"--icon-code: &quot;\\e958&quot;; --icon-color: #00D084; --dark-icon-color: #FFFFFF; \" class=\"list-style-element is-icon wp-block-foxiz-elements-list-style\">\n\n<ul class=\"wp-block-list\">\n<li><strong>Vid\u00e9o de <a href=\"https:\/\/www.youtube.com\/watch?v=JfozhPFKAcw\">pr\u00e9sentation de l&rsquo;entreprise<\/a><\/strong><\/li>\n\n\n\n<li><strong>Plus d&rsquo;informations : <span style=\"color: #00ccff;\">www.esigroup.eu<\/span><\/strong><\/li>\n<\/ul>\n\n<\/div>\n\n\n<p><strong><span style=\"color: #00ccff;\"><br><\/span><\/strong><\/p>\n","protected":false},"excerpt":{"rendered":"<p>Nous avons eu la chance de rencontrer Claude-Philippe Neri, Pr\u00e9sident, directeur g\u00e9n\u00e9ral du groupe ESI \u00ab\u00a0European System Integration\u00a0\u00bb, entreprise fond\u00e9e en 1999, distribuant des solutions logicielles pour les stations de t\u00e9l\u00e9surveillance, t\u00e9l\u00e9assistance et analyse vid\u00e9osurveillance. \u00c9tant un groupe en plein essor, avec 50% de son chiffre d&rsquo;affaire \u00e0 l&rsquo;export, ESI r\u00e9alise de nombreuses acquisitions depuis [&hellip;]<\/p>\n","protected":false},"author":1,"featured_media":732,"comment_status":"open","ping_status":"open","sticky":false,"template":"","format":"standard","meta":{"footnotes":""},"categories":[19],"tags":[94,97,96,93,26,88,92,60,76],"class_list":{"0":"post-676","1":"post","2":"type-post","3":"status-publish","4":"format-standard","5":"has-post-thumbnail","7":"category-portrait","8":"tag-asplink","9":"tag-axis","10":"tag-bosch","11":"tag-cloud","12":"tag-dahua","13":"tag-esi","14":"tag-geolocalisation","15":"tag-onvif","16":"tag-telesurveillance"},"yoast_head":"<!-- This site is optimized with the Yoast SEO plugin v27.5 - https:\/\/yoast.com\/product\/yoast-seo-wordpress\/ -->\n<title>Interview : Claude-Philippe Neri, pr\u00e9sident directeur du Groupe ESI, solutions logicielles pour la t\u00e9l\u00e9surveillance - ASS Security Blog : Dossiers \/ Tests \/ News sur les alarmes et les syst\u00e8mes de s\u00e9curit\u00e9<\/title>\n<meta name=\"description\" content=\"Interview : Claude Philippe Neri - Fondateur ESI Groupe - Solutions innovantes de gestion de cam\u00e9ras| Blog ASS Security | Installateur Alarme Nantes - Loire-Atlantique 44\" \/>\n<meta name=\"robots\" content=\"index, follow, max-snippet:-1, max-image-preview:large, max-video-preview:-1\" \/>\n<link rel=\"canonical\" href=\"https:\/\/www.ass-security.fr\/blog\/interview-claude-philippe-neri-groupe-esi-solutions-logicielles-pour-telesurveillance\/\" \/>\n<meta property=\"og:locale\" content=\"fr_FR\" \/>\n<meta property=\"og:type\" content=\"article\" \/>\n<meta property=\"og:title\" content=\"Interview : Claude-Philippe Neri, pr\u00e9sident directeur du Groupe ESI, solutions logicielles pour la t\u00e9l\u00e9surveillance - ASS Security Blog : Dossiers \/ Tests \/ News sur les alarmes et les syst\u00e8mes de s\u00e9curit\u00e9\" \/>\n<meta property=\"og:description\" content=\"Interview : Claude Philippe Neri - Fondateur ESI Groupe - Solutions innovantes de gestion de cam\u00e9ras| Blog ASS Security | Installateur Alarme Nantes - Loire-Atlantique 44\" \/>\n<meta property=\"og:url\" content=\"https:\/\/www.ass-security.fr\/blog\/interview-claude-philippe-neri-groupe-esi-solutions-logicielles-pour-telesurveillance\/\" \/>\n<meta property=\"og:site_name\" content=\"ASS Security Blog : Dossiers \/ Tests \/ News sur les alarmes et les syst\u00e8mes de s\u00e9curit\u00e9\" \/>\n<meta property=\"article:published_time\" content=\"2015-03-24T20:21:32+00:00\" \/>\n<meta property=\"article:modified_time\" content=\"2024-08-22T19:32:48+00:00\" \/>\n<meta property=\"og:image\" content=\"https:\/\/www.ass-security.fr\/blog\/wp-content\/uploads\/2015\/03\/Claude-Philippe-NERI-portrait.jpg\" \/>\n\t<meta property=\"og:image:width\" content=\"664\" \/>\n\t<meta property=\"og:image:height\" content=\"695\" \/>\n\t<meta property=\"og:image:type\" content=\"image\/jpeg\" \/>\n<meta name=\"author\" content=\"Axel\" \/>\n<meta name=\"twitter:card\" content=\"summary_large_image\" \/>\n<meta name=\"twitter:label1\" content=\"\u00c9crit par\" \/>\n\t<meta name=\"twitter:data1\" content=\"Axel\" \/>\n\t<meta name=\"twitter:label2\" content=\"Dur\u00e9e de lecture estim\u00e9e\" \/>\n\t<meta name=\"twitter:data2\" content=\"5 minutes\" \/>\n<script type=\"application\/ld+json\" class=\"yoast-schema-graph\">{\"@context\":\"https:\\\/\\\/schema.org\",\"@graph\":[{\"@type\":\"Article\",\"@id\":\"https:\\\/\\\/www.ass-security.fr\\\/blog\\\/interview-claude-philippe-neri-groupe-esi-solutions-logicielles-pour-telesurveillance\\\/#article\",\"isPartOf\":{\"@id\":\"https:\\\/\\\/www.ass-security.fr\\\/blog\\\/interview-claude-philippe-neri-groupe-esi-solutions-logicielles-pour-telesurveillance\\\/\"},\"author\":{\"name\":\"Axel\",\"@id\":\"https:\\\/\\\/www.ass-security.fr\\\/blog\\\/#\\\/schema\\\/person\\\/846856e1470e7e879fcbff088c2dd2c0\"},\"headline\":\"Interview : Claude-Philippe Neri, pr\u00e9sident directeur du Groupe ESI, solutions logicielles pour la t\u00e9l\u00e9surveillance\",\"datePublished\":\"2015-03-24T20:21:32+00:00\",\"dateModified\":\"2024-08-22T19:32:48+00:00\",\"mainEntityOfPage\":{\"@id\":\"https:\\\/\\\/www.ass-security.fr\\\/blog\\\/interview-claude-philippe-neri-groupe-esi-solutions-logicielles-pour-telesurveillance\\\/\"},\"wordCount\":1004,\"commentCount\":1,\"image\":{\"@id\":\"https:\\\/\\\/www.ass-security.fr\\\/blog\\\/interview-claude-philippe-neri-groupe-esi-solutions-logicielles-pour-telesurveillance\\\/#primaryimage\"},\"thumbnailUrl\":\"https:\\\/\\\/www.ass-security.fr\\\/blog\\\/wp-content\\\/uploads\\\/2015\\\/03\\\/Claude-Philippe-NERI-portrait.jpg\",\"keywords\":[\"ASPLink\",\"Axis\",\"Bosch\",\"Cloud\",\"Dahua\",\"ESI\",\"G\u00e9olocalisation\",\"ONVIF\",\"T\u00e9l\u00e9surveillance\"],\"articleSection\":[\"Portrait\"],\"inLanguage\":\"fr-FR\",\"potentialAction\":[{\"@type\":\"CommentAction\",\"name\":\"Comment\",\"target\":[\"https:\\\/\\\/www.ass-security.fr\\\/blog\\\/interview-claude-philippe-neri-groupe-esi-solutions-logicielles-pour-telesurveillance\\\/#respond\"]}]},{\"@type\":\"WebPage\",\"@id\":\"https:\\\/\\\/www.ass-security.fr\\\/blog\\\/interview-claude-philippe-neri-groupe-esi-solutions-logicielles-pour-telesurveillance\\\/\",\"url\":\"https:\\\/\\\/www.ass-security.fr\\\/blog\\\/interview-claude-philippe-neri-groupe-esi-solutions-logicielles-pour-telesurveillance\\\/\",\"name\":\"Interview : Claude-Philippe Neri, pr\u00e9sident directeur du Groupe ESI, solutions logicielles pour la t\u00e9l\u00e9surveillance - ASS Security Blog : Dossiers \\\/ Tests \\\/ News sur les alarmes et les syst\u00e8mes de s\u00e9curit\u00e9\",\"isPartOf\":{\"@id\":\"https:\\\/\\\/www.ass-security.fr\\\/blog\\\/#website\"},\"primaryImageOfPage\":{\"@id\":\"https:\\\/\\\/www.ass-security.fr\\\/blog\\\/interview-claude-philippe-neri-groupe-esi-solutions-logicielles-pour-telesurveillance\\\/#primaryimage\"},\"image\":{\"@id\":\"https:\\\/\\\/www.ass-security.fr\\\/blog\\\/interview-claude-philippe-neri-groupe-esi-solutions-logicielles-pour-telesurveillance\\\/#primaryimage\"},\"thumbnailUrl\":\"https:\\\/\\\/www.ass-security.fr\\\/blog\\\/wp-content\\\/uploads\\\/2015\\\/03\\\/Claude-Philippe-NERI-portrait.jpg\",\"datePublished\":\"2015-03-24T20:21:32+00:00\",\"dateModified\":\"2024-08-22T19:32:48+00:00\",\"author\":{\"@id\":\"https:\\\/\\\/www.ass-security.fr\\\/blog\\\/#\\\/schema\\\/person\\\/846856e1470e7e879fcbff088c2dd2c0\"},\"description\":\"Interview : Claude Philippe Neri - Fondateur ESI Groupe - Solutions innovantes de gestion de cam\u00e9ras| Blog ASS Security | Installateur Alarme Nantes - Loire-Atlantique 44\",\"breadcrumb\":{\"@id\":\"https:\\\/\\\/www.ass-security.fr\\\/blog\\\/interview-claude-philippe-neri-groupe-esi-solutions-logicielles-pour-telesurveillance\\\/#breadcrumb\"},\"inLanguage\":\"fr-FR\",\"potentialAction\":[{\"@type\":\"ReadAction\",\"target\":[\"https:\\\/\\\/www.ass-security.fr\\\/blog\\\/interview-claude-philippe-neri-groupe-esi-solutions-logicielles-pour-telesurveillance\\\/\"]}]},{\"@type\":\"ImageObject\",\"inLanguage\":\"fr-FR\",\"@id\":\"https:\\\/\\\/www.ass-security.fr\\\/blog\\\/interview-claude-philippe-neri-groupe-esi-solutions-logicielles-pour-telesurveillance\\\/#primaryimage\",\"url\":\"https:\\\/\\\/www.ass-security.fr\\\/blog\\\/wp-content\\\/uploads\\\/2015\\\/03\\\/Claude-Philippe-NERI-portrait.jpg\",\"contentUrl\":\"https:\\\/\\\/www.ass-security.fr\\\/blog\\\/wp-content\\\/uploads\\\/2015\\\/03\\\/Claude-Philippe-NERI-portrait.jpg\",\"width\":664,\"height\":695},{\"@type\":\"BreadcrumbList\",\"@id\":\"https:\\\/\\\/www.ass-security.fr\\\/blog\\\/interview-claude-philippe-neri-groupe-esi-solutions-logicielles-pour-telesurveillance\\\/#breadcrumb\",\"itemListElement\":[{\"@type\":\"ListItem\",\"position\":1,\"name\":\"Accueil\",\"item\":\"https:\\\/\\\/www.ass-security.fr\\\/blog\\\/\"},{\"@type\":\"ListItem\",\"position\":2,\"name\":\"Interview : Claude-Philippe Neri, pr\u00e9sident directeur du Groupe ESI, solutions logicielles pour la t\u00e9l\u00e9surveillance\"}]},{\"@type\":\"WebSite\",\"@id\":\"https:\\\/\\\/www.ass-security.fr\\\/blog\\\/#website\",\"url\":\"https:\\\/\\\/www.ass-security.fr\\\/blog\\\/\",\"name\":\"ASS Security Blog : Dossiers \\\/ Tests \\\/ News sur les alarmes et les syst\u00e8mes de s\u00e9curit\u00e9\",\"description\":\"Actualit\u00e9s sur les syst\u00e8mes d&#039;alarmes, tests, dossiers vid\u00e9osurveillance, Cybers\u00e9curit\u00e9 | Blog alarme | Installateur Alarme Nantes\",\"potentialAction\":[{\"@type\":\"SearchAction\",\"target\":{\"@type\":\"EntryPoint\",\"urlTemplate\":\"https:\\\/\\\/www.ass-security.fr\\\/blog\\\/?s={search_term_string}\"},\"query-input\":{\"@type\":\"PropertyValueSpecification\",\"valueRequired\":true,\"valueName\":\"search_term_string\"}}],\"inLanguage\":\"fr-FR\"},{\"@type\":\"Person\",\"@id\":\"https:\\\/\\\/www.ass-security.fr\\\/blog\\\/#\\\/schema\\\/person\\\/846856e1470e7e879fcbff088c2dd2c0\",\"name\":\"Axel\",\"image\":{\"@type\":\"ImageObject\",\"inLanguage\":\"fr-FR\",\"@id\":\"https:\\\/\\\/secure.gravatar.com\\\/avatar\\\/da2947c63bee11cc33eb6c698e50ac20dc3ca54aad9120ddc0169e845e91c8e0?s=96&d=mm&r=g\",\"url\":\"https:\\\/\\\/secure.gravatar.com\\\/avatar\\\/da2947c63bee11cc33eb6c698e50ac20dc3ca54aad9120ddc0169e845e91c8e0?s=96&d=mm&r=g\",\"contentUrl\":\"https:\\\/\\\/secure.gravatar.com\\\/avatar\\\/da2947c63bee11cc33eb6c698e50ac20dc3ca54aad9120ddc0169e845e91c8e0?s=96&d=mm&r=g\",\"caption\":\"Axel\"},\"description\":\"F\u00e9ru des nouvelles technologies, tout en poss\u00e9dant une fibre \\\"RetroGeek\\\" je suis sp\u00e9cialiste depuis plus de 15 ans dans le domaine de la suret\u00e9 \u00e9lectronique. Autodidacte et perfectionniste avec moi-m\u00eame, mon m\u00e9tier, au contact des hommes &amp; des machines est la source de mes inspirations.\",\"sameAs\":[\"www.linkedin.com\\\/in\\\/axeljacq\\\/\"],\"url\":\"https:\\\/\\\/www.ass-security.fr\\\/blog\\\/author\\\/admin\\\/\"}]}<\/script>\n<!-- \/ Yoast SEO plugin. -->","yoast_head_json":{"title":"Interview : Claude-Philippe Neri, pr\u00e9sident directeur du Groupe ESI, solutions logicielles pour la t\u00e9l\u00e9surveillance - ASS Security Blog : Dossiers \/ Tests \/ News sur les alarmes et les syst\u00e8mes de s\u00e9curit\u00e9","description":"Interview : Claude Philippe Neri - Fondateur ESI Groupe - Solutions innovantes de gestion de cam\u00e9ras| Blog ASS Security | Installateur Alarme Nantes - Loire-Atlantique 44","robots":{"index":"index","follow":"follow","max-snippet":"max-snippet:-1","max-image-preview":"max-image-preview:large","max-video-preview":"max-video-preview:-1"},"canonical":"https:\/\/www.ass-security.fr\/blog\/interview-claude-philippe-neri-groupe-esi-solutions-logicielles-pour-telesurveillance\/","og_locale":"fr_FR","og_type":"article","og_title":"Interview : Claude-Philippe Neri, pr\u00e9sident directeur du Groupe ESI, solutions logicielles pour la t\u00e9l\u00e9surveillance - ASS Security Blog : Dossiers \/ Tests \/ News sur les alarmes et les syst\u00e8mes de s\u00e9curit\u00e9","og_description":"Interview : Claude Philippe Neri - Fondateur ESI Groupe - Solutions innovantes de gestion de cam\u00e9ras| Blog ASS Security | Installateur Alarme Nantes - Loire-Atlantique 44","og_url":"https:\/\/www.ass-security.fr\/blog\/interview-claude-philippe-neri-groupe-esi-solutions-logicielles-pour-telesurveillance\/","og_site_name":"ASS Security Blog : Dossiers \/ Tests \/ News sur les alarmes et les syst\u00e8mes de s\u00e9curit\u00e9","article_published_time":"2015-03-24T20:21:32+00:00","article_modified_time":"2024-08-22T19:32:48+00:00","og_image":[{"width":664,"height":695,"url":"https:\/\/www.ass-security.fr\/blog\/wp-content\/uploads\/2015\/03\/Claude-Philippe-NERI-portrait.jpg","type":"image\/jpeg"}],"author":"Axel","twitter_card":"summary_large_image","twitter_misc":{"\u00c9crit par":"Axel","Dur\u00e9e de lecture estim\u00e9e":"5 minutes"},"schema":{"@context":"https:\/\/schema.org","@graph":[{"@type":"Article","@id":"https:\/\/www.ass-security.fr\/blog\/interview-claude-philippe-neri-groupe-esi-solutions-logicielles-pour-telesurveillance\/#article","isPartOf":{"@id":"https:\/\/www.ass-security.fr\/blog\/interview-claude-philippe-neri-groupe-esi-solutions-logicielles-pour-telesurveillance\/"},"author":{"name":"Axel","@id":"https:\/\/www.ass-security.fr\/blog\/#\/schema\/person\/846856e1470e7e879fcbff088c2dd2c0"},"headline":"Interview : Claude-Philippe Neri, pr\u00e9sident directeur du Groupe ESI, solutions logicielles pour la t\u00e9l\u00e9surveillance","datePublished":"2015-03-24T20:21:32+00:00","dateModified":"2024-08-22T19:32:48+00:00","mainEntityOfPage":{"@id":"https:\/\/www.ass-security.fr\/blog\/interview-claude-philippe-neri-groupe-esi-solutions-logicielles-pour-telesurveillance\/"},"wordCount":1004,"commentCount":1,"image":{"@id":"https:\/\/www.ass-security.fr\/blog\/interview-claude-philippe-neri-groupe-esi-solutions-logicielles-pour-telesurveillance\/#primaryimage"},"thumbnailUrl":"https:\/\/www.ass-security.fr\/blog\/wp-content\/uploads\/2015\/03\/Claude-Philippe-NERI-portrait.jpg","keywords":["ASPLink","Axis","Bosch","Cloud","Dahua","ESI","G\u00e9olocalisation","ONVIF","T\u00e9l\u00e9surveillance"],"articleSection":["Portrait"],"inLanguage":"fr-FR","potentialAction":[{"@type":"CommentAction","name":"Comment","target":["https:\/\/www.ass-security.fr\/blog\/interview-claude-philippe-neri-groupe-esi-solutions-logicielles-pour-telesurveillance\/#respond"]}]},{"@type":"WebPage","@id":"https:\/\/www.ass-security.fr\/blog\/interview-claude-philippe-neri-groupe-esi-solutions-logicielles-pour-telesurveillance\/","url":"https:\/\/www.ass-security.fr\/blog\/interview-claude-philippe-neri-groupe-esi-solutions-logicielles-pour-telesurveillance\/","name":"Interview : Claude-Philippe Neri, pr\u00e9sident directeur du Groupe ESI, solutions logicielles pour la t\u00e9l\u00e9surveillance - ASS Security Blog : Dossiers \/ Tests \/ News sur les alarmes et les syst\u00e8mes de s\u00e9curit\u00e9","isPartOf":{"@id":"https:\/\/www.ass-security.fr\/blog\/#website"},"primaryImageOfPage":{"@id":"https:\/\/www.ass-security.fr\/blog\/interview-claude-philippe-neri-groupe-esi-solutions-logicielles-pour-telesurveillance\/#primaryimage"},"image":{"@id":"https:\/\/www.ass-security.fr\/blog\/interview-claude-philippe-neri-groupe-esi-solutions-logicielles-pour-telesurveillance\/#primaryimage"},"thumbnailUrl":"https:\/\/www.ass-security.fr\/blog\/wp-content\/uploads\/2015\/03\/Claude-Philippe-NERI-portrait.jpg","datePublished":"2015-03-24T20:21:32+00:00","dateModified":"2024-08-22T19:32:48+00:00","author":{"@id":"https:\/\/www.ass-security.fr\/blog\/#\/schema\/person\/846856e1470e7e879fcbff088c2dd2c0"},"description":"Interview : Claude Philippe Neri - Fondateur ESI Groupe - Solutions innovantes de gestion de cam\u00e9ras| Blog ASS Security | Installateur Alarme Nantes - Loire-Atlantique 44","breadcrumb":{"@id":"https:\/\/www.ass-security.fr\/blog\/interview-claude-philippe-neri-groupe-esi-solutions-logicielles-pour-telesurveillance\/#breadcrumb"},"inLanguage":"fr-FR","potentialAction":[{"@type":"ReadAction","target":["https:\/\/www.ass-security.fr\/blog\/interview-claude-philippe-neri-groupe-esi-solutions-logicielles-pour-telesurveillance\/"]}]},{"@type":"ImageObject","inLanguage":"fr-FR","@id":"https:\/\/www.ass-security.fr\/blog\/interview-claude-philippe-neri-groupe-esi-solutions-logicielles-pour-telesurveillance\/#primaryimage","url":"https:\/\/www.ass-security.fr\/blog\/wp-content\/uploads\/2015\/03\/Claude-Philippe-NERI-portrait.jpg","contentUrl":"https:\/\/www.ass-security.fr\/blog\/wp-content\/uploads\/2015\/03\/Claude-Philippe-NERI-portrait.jpg","width":664,"height":695},{"@type":"BreadcrumbList","@id":"https:\/\/www.ass-security.fr\/blog\/interview-claude-philippe-neri-groupe-esi-solutions-logicielles-pour-telesurveillance\/#breadcrumb","itemListElement":[{"@type":"ListItem","position":1,"name":"Accueil","item":"https:\/\/www.ass-security.fr\/blog\/"},{"@type":"ListItem","position":2,"name":"Interview : Claude-Philippe Neri, pr\u00e9sident directeur du Groupe ESI, solutions logicielles pour la t\u00e9l\u00e9surveillance"}]},{"@type":"WebSite","@id":"https:\/\/www.ass-security.fr\/blog\/#website","url":"https:\/\/www.ass-security.fr\/blog\/","name":"ASS Security Blog : Dossiers \/ Tests \/ News sur les alarmes et les syst\u00e8mes de s\u00e9curit\u00e9","description":"Actualit\u00e9s sur les syst\u00e8mes d&#039;alarmes, tests, dossiers vid\u00e9osurveillance, Cybers\u00e9curit\u00e9 | Blog alarme | Installateur Alarme Nantes","potentialAction":[{"@type":"SearchAction","target":{"@type":"EntryPoint","urlTemplate":"https:\/\/www.ass-security.fr\/blog\/?s={search_term_string}"},"query-input":{"@type":"PropertyValueSpecification","valueRequired":true,"valueName":"search_term_string"}}],"inLanguage":"fr-FR"},{"@type":"Person","@id":"https:\/\/www.ass-security.fr\/blog\/#\/schema\/person\/846856e1470e7e879fcbff088c2dd2c0","name":"Axel","image":{"@type":"ImageObject","inLanguage":"fr-FR","@id":"https:\/\/secure.gravatar.com\/avatar\/da2947c63bee11cc33eb6c698e50ac20dc3ca54aad9120ddc0169e845e91c8e0?s=96&d=mm&r=g","url":"https:\/\/secure.gravatar.com\/avatar\/da2947c63bee11cc33eb6c698e50ac20dc3ca54aad9120ddc0169e845e91c8e0?s=96&d=mm&r=g","contentUrl":"https:\/\/secure.gravatar.com\/avatar\/da2947c63bee11cc33eb6c698e50ac20dc3ca54aad9120ddc0169e845e91c8e0?s=96&d=mm&r=g","caption":"Axel"},"description":"F\u00e9ru des nouvelles technologies, tout en poss\u00e9dant une fibre \"RetroGeek\" je suis sp\u00e9cialiste depuis plus de 15 ans dans le domaine de la suret\u00e9 \u00e9lectronique. Autodidacte et perfectionniste avec moi-m\u00eame, mon m\u00e9tier, au contact des hommes &amp; des machines est la source de mes inspirations.","sameAs":["www.linkedin.com\/in\/axeljacq\/"],"url":"https:\/\/www.ass-security.fr\/blog\/author\/admin\/"}]}},"_links":{"self":[{"href":"https:\/\/www.ass-security.fr\/blog\/wp-json\/wp\/v2\/posts\/676","targetHints":{"allow":["GET"]}}],"collection":[{"href":"https:\/\/www.ass-security.fr\/blog\/wp-json\/wp\/v2\/posts"}],"about":[{"href":"https:\/\/www.ass-security.fr\/blog\/wp-json\/wp\/v2\/types\/post"}],"author":[{"embeddable":true,"href":"https:\/\/www.ass-security.fr\/blog\/wp-json\/wp\/v2\/users\/1"}],"replies":[{"embeddable":true,"href":"https:\/\/www.ass-security.fr\/blog\/wp-json\/wp\/v2\/comments?post=676"}],"version-history":[{"count":0,"href":"https:\/\/www.ass-security.fr\/blog\/wp-json\/wp\/v2\/posts\/676\/revisions"}],"wp:featuredmedia":[{"embeddable":true,"href":"https:\/\/www.ass-security.fr\/blog\/wp-json\/wp\/v2\/media\/732"}],"wp:attachment":[{"href":"https:\/\/www.ass-security.fr\/blog\/wp-json\/wp\/v2\/media?parent=676"}],"wp:term":[{"taxonomy":"category","embeddable":true,"href":"https:\/\/www.ass-security.fr\/blog\/wp-json\/wp\/v2\/categories?post=676"},{"taxonomy":"post_tag","embeddable":true,"href":"https:\/\/www.ass-security.fr\/blog\/wp-json\/wp\/v2\/tags?post=676"}],"curies":[{"name":"wp","href":"https:\/\/api.w.org\/{rel}","templated":true}]}}